{"id":256,"date":"2025-01-31T01:36:08","date_gmt":"2025-01-31T00:36:08","guid":{"rendered":"https:\/\/www.savonnerie-chapoul.fr\/?p=256"},"modified":"2026-04-26T00:58:30","modified_gmt":"2026-04-25T22:58:30","slug":"evenements","status":"publish","type":"post","link":"https:\/\/www.savonnerie-chapoul.fr\/index.php\/2025\/01\/31\/evenements\/","title":{"rendered":"\u00c9v\u00e9nements \u00e0 venir"},"content":{"rendered":"\n<div class=\"wp-block-group alignfull is-content-justification-center\" style=\"margin-top:0;margin-bottom:0;padding-top:calc( 0.5 * var(--wp--style--root--padding-right, var(--wp--custom--gap--horizontal)));padding-right:var(--wp--style--root--padding-right, var(--wp--custom--gap--horizontal));padding-bottom:calc( 0.5 * var(--wp--style--root--padding-right, var(--wp--custom--gap--horizontal)));padding-left:var(--wp--style--root--padding-left, var(--wp--custom--gap--horizontal))\"><div class=\"wp-block-group__inner-container is-layout-constrained wp-container-core-group-is-layout-df757ecc wp-block-group-is-layout-constrained\">\n<div style=\"height:calc( 0.25 * var(--wp--style--root--padding-right, var(--wp--custom--gap--horizontal)))\" aria-hidden=\"true\" class=\"wp-block-spacer\"><\/div>\n\n\n\n<div class=\"wp-block-media-text alignfull has-media-on-the-right is-stacked-on-mobile\"><div class=\"wp-block-media-text__content\">\n<h3 class=\"wp-block-heading\">O\u00f9 rencontrer la savonni\u00e8re et ses produits ? <br>Vous trouverez ci-dessous la liste des march\u00e9s, foires, boutiques \u00e9ph\u00e9m\u00e8res, journ\u00e9es portes ouvertes et \u00e9v\u00e9nements auxquels je participe et o\u00f9 je serai heureuse de vous rencontrer.<\/h3>\n<\/div><figure class=\"wp-block-media-text__media\"><img data-recalc-dims=\"1\" loading=\"lazy\" decoding=\"async\" width=\"980\" height=\"980\" src=\"https:\/\/i0.wp.com\/www.savonnerie-chapoul.fr\/wp-content\/uploads\/2025\/01\/IMG_6026-1.jpg?resize=980%2C980&#038;ssl=1\" alt=\"Savonnerie Chapoul sur un march\u00e9 - \u00e9v\u00e9nement\" class=\"wp-image-820 size-full\" srcset=\"https:\/\/i0.wp.com\/www.savonnerie-chapoul.fr\/wp-content\/uploads\/2025\/01\/IMG_6026-1-scaled.jpg?resize=1024%2C1024&amp;ssl=1 1024w, https:\/\/i0.wp.com\/www.savonnerie-chapoul.fr\/wp-content\/uploads\/2025\/01\/IMG_6026-1-scaled.jpg?resize=300%2C300&amp;ssl=1 300w, https:\/\/i0.wp.com\/www.savonnerie-chapoul.fr\/wp-content\/uploads\/2025\/01\/IMG_6026-1-scaled.jpg?resize=150%2C150&amp;ssl=1 150w, https:\/\/i0.wp.com\/www.savonnerie-chapoul.fr\/wp-content\/uploads\/2025\/01\/IMG_6026-1-scaled.jpg?resize=768%2C768&amp;ssl=1 768w, https:\/\/i0.wp.com\/www.savonnerie-chapoul.fr\/wp-content\/uploads\/2025\/01\/IMG_6026-1-scaled.jpg?resize=1536%2C1536&amp;ssl=1 1536w, https:\/\/i0.wp.com\/www.savonnerie-chapoul.fr\/wp-content\/uploads\/2025\/01\/IMG_6026-1-scaled.jpg?resize=2048%2C2048&amp;ssl=1 2048w, https:\/\/i0.wp.com\/www.savonnerie-chapoul.fr\/wp-content\/uploads\/2025\/01\/IMG_6026-1-scaled.jpg?resize=324%2C324&amp;ssl=1 324w, https:\/\/i0.wp.com\/www.savonnerie-chapoul.fr\/wp-content\/uploads\/2025\/01\/IMG_6026-1-scaled.jpg?resize=416%2C416&amp;ssl=1 416w, https:\/\/i0.wp.com\/www.savonnerie-chapoul.fr\/wp-content\/uploads\/2025\/01\/IMG_6026-1-scaled.jpg?resize=100%2C100&amp;ssl=1 100w, https:\/\/i0.wp.com\/www.savonnerie-chapoul.fr\/wp-content\/uploads\/2025\/01\/IMG_6026-1-scaled.jpg?w=1960&amp;ssl=1 1960w\" sizes=\"auto, (max-width: 980px) 100vw, 980px\" \/><\/figure><\/div>\n\n\n\n<div style=\"height:calc( 0.25 * var(--wp--style--root--padding-right, var(--wp--custom--gap--horizontal)))\" aria-hidden=\"true\" class=\"wp-block-spacer\"><\/div>\n<\/div><\/div>\n\n\n\n<h2 class=\"wp-block-heading\"><strong>Prochains \u00e9v\u00e9nements :<\/strong><\/h2>\n\n\n\n<ul class=\"wp-block-list\">\n<li>les mercredis, vendredis, samedis et dimanches <strong>du 3 avril au 26 avril et le mercredi 29 avril<\/strong>, de 10 \u00e0 19h : boutique \u00e9ph\u00e9m\u00e8re <a href=\"https:\/\/www.instagram.com\/passagedescreateurs\/\" target=\"_blank\" rel=\"noreferrer noopener\">Passage des Cr\u00e9ateurs<\/a> \u00e0 Cernay-la-Ville (78). <br>J&rsquo;y serai de permanence samedi 4 avril et vendredi 17 avril<\/li>\n\n\n\n<li><strong>du vendredi 1er mai au dimanche 31 mai<\/strong> : popup de cr\u00e9ateurs au 17 place F\u00e9lix Faure \u00e0 Rambouillet (78). Horaires : lu-sa 10h-19h, di 10h-18h<\/li>\n\n\n\n<li><strong>vendredi 8 <\/strong>(16-21h)<strong> et samedi 9 mai<\/strong> (10-19h) : <a href=\"https:\/\/www.instagram.com\/leversaillesdescreateurs\/\" target=\"_blank\" rel=\"noreferrer noopener\">Le Versailles des cr\u00e9ateurs<\/a>, place du March\u00e9 Notre Dame \u00e0 Versailles (78)<\/li>\n\n\n\n<li><strong>du mercredi 20 mai au dimanche 28 juin<\/strong> : Boutique \u00e9ph\u00e9m\u00e8re des <a href=\"https:\/\/www.instagram.com\/createurs_yvelines\/\" target=\"_blank\" rel=\"noreferrer noopener\">Cr\u00e9ateurs Yvelines<\/a> \u00e0 Saint Germain en Laye (78) au 13 rue des Coches. Horaires : me, ve, sa 10h-19h, di 10h-13h<\/li>\n\n\n\n<li><strong>du lundi 25 au dimanche 31 mai<\/strong> &#8211; boutique \u00e9ph\u00e9m\u00e8re <a href=\"https:\/\/www.instagram.com\/ateliersalafrancaise\/\" target=\"_blank\" rel=\"noreferrer noopener\">Les Ateliers \u00e0 la Fran\u00e7aise<\/a> au 88 avenue Charles de Gaulle au Plessis-Robinson (92). Horaires : lu 11h &#8211; 19h30 ; ma, ve  9h &#8211; 19h30 ; me, je , sa 10h &#8211; 19h30 ; di 9h &#8211; 18h<br>J&rsquo;y serai de permanence le lundi 25 et le jeudi 28 mai<\/li>\n\n\n\n<li><strong>dimanche 31 mai<\/strong>, de 10h \u00e0 18h : journ\u00e9e portes ouvertes \u00e0 <a href=\"https:\/\/maps.app.goo.gl\/V6z99Xig56QWCeEw5\">La Ch\u00e8vre-Rit de Manon<\/a> \u00e0 Saint Nom la Bret\u00e8che (78)<\/li>\n\n\n\n<li><strong>samedi 6 <\/strong>(11h30-19)<strong> et dimanche 7 juin<\/strong> (10h-18h) : Rencontres des Cr\u00e9atrices organis\u00e9es par <a href=\"https:\/\/www.instagram.com\/foliesdecreatrices\/\" target=\"_blank\" rel=\"noreferrer noopener\">Folies de Cr\u00e9atrices<\/a> dans la salle Denoyer de Segonzac \u00e0 Viroflay (78). Vernissage avec concert le samedi 6 juin \u00e0 16h30<\/li>\n\n\n\n<li><strong>20 juin<\/strong> (10h-19) : Instant d&rsquo;\u00e9t\u00e9 organis\u00e9 par <a href=\"https:\/\/www.instagram.com\/foliesdecreatrices\/\" target=\"_blank\" rel=\"noreferrer noopener\">Folies de Cr\u00e9atrices<\/a> dans la salle du S\u00e9choir \u00e0 Peaux, Canal de l&rsquo;Yvette, \u00e0 Chevreuse (78)<\/li>\n\n\n\n<li><strong>du lundi 8 juin au dimanche 21 juin<\/strong> : boutique \u00e9ph\u00e9m\u00e8re avec <a href=\"https:\/\/www.instagram.com\/ateliersalafrancaise\/\" target=\"_blank\" rel=\"noreferrer noopener\">Les Ateliers \u00e0 la Fran\u00e7aise<\/a> \u00e0 La Galerie, 120 avenue du G\u00e9n\u00e9ral Leclerc \u00e0 Viroflay (78)<br>J&rsquo;y serai de permanence lundi 8 juin 12h-19h, mercredi 10 14h30-19h, mardi 16 10h-14h30 et mercredi 17 10h-19h<\/li>\n<\/ul>\n\n\n\n<p>D&rsquo;autres dates sont \u00e0 venir. <br>Et n&rsquo;h\u00e9sitez pas \u00e0 m&rsquo;envoyer des suggestions ou \u00e0 m&rsquo;inviter \u00e0 vos \u00e9v\u00e9nements en m&rsquo;\u00e9crivant \u00e0 contact [a] savonnerie-chapoul.fr.<\/p>\n\n\n\n<p>Vous pouvez \u00e9galement retrouver mes produits chez les <a href=\"https:\/\/www.savonnerie-chapoul.fr\/index.php\/boutique\/points-de-vente\/\">revendeurs<\/a>, ou bien entendu sur la <a href=\"https:\/\/www.savonnerie-chapoul.fr\/index.php\/boutique-savonnerie-chapoul\/\">boutique en ligne<\/a>.<\/p>\n\n\n\n<p>&nbsp;<\/p>\n\n\n\n<h2 class=\"wp-block-heading\"><strong>\u00c9v\u00e9nements pass\u00e9s :<\/strong><\/h2>\n\n\n\n<p>Voici la liste des \u00e9v\u00e9nements pass\u00e9s :<\/p>\n\n\n\n<h3 class=\"wp-block-heading\">Ev\u00e9nements de 2026<\/h3>\n\n\n\n<ul class=\"wp-block-list\">\n<li><strong>du mercredi 8 au samedi 18 avril<\/strong>, de 10h \u00e0 19h : boutique \u00e9ph\u00e9m\u00e8re avec <a href=\"https:\/\/www.instagram.com\/ateliersalafrancaise\/\" target=\"_blank\" rel=\"noreferrer noopener\">Les Ateliers \u00e0 la Fran\u00e7aise<\/a> au 13 Place du G\u00e9n\u00e9ral Leclerc \u00e0 Suresnes (92). <br>J&rsquo;y serai de permanence le mercredi 8 et le jeudi 9 avril<\/li>\n\n\n\n<li><strong>dimanche 12 avril<\/strong>, de 11h \u00e0 19h : salon bien-\u00eatre <a href=\"https:\/\/www.instagram.com\/la_fabrique_des_evenements\/\" target=\"_blank\" rel=\"noreferrer noopener\">Les sens en \u00e9veil<\/a> \u00e0 la Ferme du Manet \u00e0 Montigny le Bretonneux (78)<\/li>\n\n\n\n<li>vendredi 13 mars, de 17h30 \u00e0 21h : march\u00e9 artisanal et halle gourmande <a href=\"https:\/\/www.instagram.com\/souslesserres\/\" target=\"_blank\" rel=\"noreferrer noopener\">Sous les serres<\/a> \u00e0 M\u00e9r\u00e9 (78)<\/li>\n\n\n\n<li>vendredi 13 f\u00e9vrier, de 17h30 \u00e0 21h : march\u00e9 artisanal et halle gourmande <a href=\"https:\/\/www.instagram.com\/souslesserres\/\" target=\"_blank\" rel=\"noreferrer noopener\">Sous les serres<\/a> \u00e0 M\u00e9r\u00e9 (78)<\/li>\n<\/ul>\n\n\n\n<h3 class=\"wp-block-heading\">Ev\u00e9nements de 2025<\/h3>\n\n\n\n<ul class=\"wp-block-list\">\n<li><strong>samedi 20 d\u00e9cembre<\/strong>, de 10h \u00e0 12h30 et de 14h \u00e0 18h : chez <a href=\"https:\/\/lherbierdelsa.fr\/\" target=\"_blank\" rel=\"noreferrer noopener\">L&rsquo;Herbier d&rsquo;Elsa<\/a> \u00e0 Feucherolles (78)<\/li>\n\n\n\n<li><strong>dimanche 14 d\u00e9cembre<\/strong>, de 10h \u00e0 18h : March\u00e9 de No\u00ebl de <a href=\"https:\/\/www.mairie-dampierre-yvelines.fr\/agenda\/marche-de-noel\/\" target=\"_blank\" rel=\"noreferrer noopener\">Dampierre en Yvelines<\/a> sur la Place de la Demi-Lune (78)<\/li>\n\n\n\n<li><strong>samedi 13 d\u00e9cembre<\/strong>, de 10h \u00e0 17h : March\u00e9 de No\u00ebl de <a href=\"https:\/\/www.instagram.com\/mairie_saint_nom_la_breteche\/\" target=\"_blank\" rel=\"noreferrer noopener\">St Nom la Bret\u00e8che<\/a> \u00e0 l&rsquo;espace JKM (78)<\/li>\n\n\n\n<li><strong>du lundi 9 au dimanche 14 d\u00e9cembre<\/strong>, de 10h \u00e0 19h : boutique \u00e9ph\u00e9m\u00e8re avec <a href=\"https:\/\/www.instagram.com\/ateliersalafrancaise\/\" target=\"_blank\" rel=\"noreferrer noopener\">Les Ateliers \u00e0 la Fran\u00e7aise<\/a> \u00e0 La Galerie \u00e0 Viroflay (78). J&rsquo;y serai de permanence mercredi 10 de 14h30 \u00e0 19h, et vendredi 12 de 10h \u00e0 19h<\/li>\n\n\n\n<li><strong>dimanche 7 d\u00e9cembre<\/strong>, de 10h \u00e0 17h : March\u00e9 de No\u00ebl aux <a href=\"https:\/\/www.instagram.com\/ecuries_vallee_chevreuse_\/\" target=\"_blank\" rel=\"noreferrer noopener\">Ecuries de la Vall\u00e9e<\/a> de Chevreuse \u00e0 Magny les Hameaux (78)<\/li>\n\n\n\n<li><strong>vendredi 5 et samedi 6 d\u00e9cembre<\/strong> : Vente de No\u00ebl <a href=\"https:\/\/www.instagram.com\/parisalouest\/\" target=\"_blank\" rel=\"noreferrer noopener\">Paris \u00e0 l&rsquo;Ouest<\/a> au <a href=\"https:\/\/www.instagram.com\/le_quai_des_possibles\/\" target=\"_blank\" rel=\"noreferrer noopener\">Quai des Possibles<\/a> \u00e0 St Germain en Laye (78). Horaires : vendredi de 11h \u00e0 19h30, samedi de 10h \u00e0 18h30<\/li>\n\n\n\n<li><strong>vendredi 28 au dimanche 30 novembre<\/strong> : Comptoir de No\u00ebl au <a href=\"https:\/\/www.instagram.com\/domaineelisabeth\/\" target=\"_blank\" rel=\"noreferrer noopener\">Domaine D\u00e9partemental de Madame Elisabeth<\/a> \u00e0 Versailles (78). Horaires : vendredi 17h-22h, samedi 14h-22h, dimanche 10h-19h<\/li>\n\n\n\n<li><strong>dimanche 23 novembre<\/strong>, de 14h30 \u00e0 18h : March\u00e9 de No\u00ebl \u00e0 la <a href=\"https:\/\/www.instagram.com\/lachevreritdemanon\/\" target=\"_blank\" rel=\"noreferrer noopener\">Ch\u00e8vre-rit de Manon<\/a>, St Nom la Bret\u00e8che (78)<\/li>\n\n\n\n<li><strong>samedi 22 novembre<\/strong>, de 10h \u00e0 19h : <a href=\"https:\/\/www.instagram.com\/leversaillesdescreateurs\/\" target=\"_blank\" rel=\"noreferrer noopener\">Le Versailles des cr\u00e9ateurs<\/a>, place du March\u00e9 Notre Dame \u00e0 Versailles (78)<\/li>\n\n\n\n<li><strong>samedi 15 et dimanche 16 novembre<\/strong>, de 10h \u00e0 19h : March\u00e9 de No\u00ebl chez <a href=\"https:\/\/www.instagram.com\/thelartiste78\/\" target=\"_blank\" rel=\"noreferrer noopener\">Th\u00e9 l&rsquo;artiste<\/a> \u00e0 Maule (78)<\/li>\n\n\n\n<li><strong>dimanche 12 octobre<\/strong>, de 10h \u00e0 16h : F\u00eate des 20 ans de l&rsquo;<a href=\"https:\/\/www.plainedeversailles.fr\/\" target=\"_blank\" rel=\"noreferrer noopener\">Association Patrimoniale de la Plaine de Versailles<\/a> \u00e0 la Ferme de la Faisanderie, Villepreux (78)<\/li>\n\n\n\n<li><strong>samedi 11 octobre<\/strong>, de 10h \u00e0 19h : <a href=\"https:\/\/www.instagram.com\/leversaillesdescreateurs\/\" target=\"_blank\" rel=\"noreferrer noopener\">le Versailles des cr\u00e9ateurs<\/a>, place du March\u00e9 Notre Dame \u00e0 Versailles (78)<\/li>\n\n\n\n<li><strong>samedi 4 octobre<\/strong>, de 10h \u00e0 18h : march\u00e9 fermier de Saint-Germain de la Grange (78)<\/li>\n\n\n\n<li><strong>dimanche 28 septembre<\/strong> de 10h \u00e0 18h : portes ouvertes aux <a href=\"https:\/\/www.instagram.com\/vergers_de_la_haye\/\" target=\"_blank\" rel=\"noreferrer noopener\">Vergers de la Haye<\/a> \u00e0 Villepreux (78)<\/li>\n\n\n\n<li><strong>samedi 27 septembre<\/strong> de 10h \u00e0 17h : <a href=\"https:\/\/saint-nom-la-breteche.fr\/agenda\/fete-des-plantes-et-de-lenvironnement-0\" target=\"_blank\" rel=\"noreferrer noopener\">La f\u00eate des plantes et de l&rsquo;environnement<\/a> \u00e0 St Nom la Bret\u00e8che (78)<\/li>\n\n\n\n<li><strong>samedi 20 septembre<\/strong>, de 10h \u00e0 17h : <a href=\"https:\/\/www.saintcyr78.fr\/evenement\/marche-des-producteurs\/\" target=\"_blank\" rel=\"noreferrer noopener\">Producteurs en direct<\/a> \u00e0 St Cyr L&rsquo;Ecole, Place du march\u00e9 communal (78)<\/li>\n\n\n\n<li><strong>jeudi 18 septembre<\/strong> : H\u00f4pital de Plaisir dans le cadre des semaines du d\u00e9veloppement durable<\/li>\n\n\n\n<li><strong>vendredi 5 et samedi 6 septembre<\/strong>, de 19h \u00e0 23h : Petit March\u00e9 des Lumi\u00e8res dans le cadre du <a href=\"https:\/\/www.chatou.fr\/agenda\/festival-lumieres-impressionnistes\/\" target=\"_blank\" rel=\"noreferrer noopener\">Festival Lumi\u00e8res Impressionnistes<\/a> \u00e0 Chatou (78)<\/li>\n\n\n\n<li><strong>vendredi 4 juillet<\/strong>, de 16h \u00e0 22h &#8211; <a href=\"https:\/\/www.mairie-villedavray.fr\/\u00c7a+se+passe+\u00e0+Ville-d_Avray\/138\/D\/10404\/69\/A1\" target=\"_blank\" rel=\"noreferrer noopener\">March\u00e9 nocturne Place Charles de Gaulle \u00e0 Ville d&rsquo;Avray<\/a> (92)<\/li>\n\n\n\n<li><strong>vendredi 27 juin<\/strong>, de 17h \u00e0 21h30 &#8211; March\u00e9 nocturne Place du Val d&rsquo;Argent \u00e0 L&rsquo;Etang la Ville (78)<\/li>\n\n\n\n<li><strong>samedi 21 et dimanche 22 juin<\/strong> &#8211; Salon des <a href=\"https:\/\/www.instagram.com\/ateliersalafrancaise\/\" target=\"_blank\" rel=\"noreferrer noopener\">Ateliers \u00e0 la Fran\u00e7aise<\/a> \u00e0 l&rsquo;H\u00f4tel Mercure Relays du Ch\u00e2teau \u00e0 Rambouillet (78). Horaires : sa 10h &#8211; 20h, di 10h &#8211; 18h<\/li>\n\n\n\n<li><strong>samedi 14 et dimanche 15 juin<\/strong>, de 10h \u00e0 19h &#8211; <a href=\"https:\/\/lesdeuxgourmands.fr\/blogs\/infos\/fete-de-la-plaine-14-15-juin-2025\" target=\"_blank\" rel=\"noreferrer noopener\">F\u00eate de la Plaine<\/a> chez les Deux Gourmands \u00e0 Crespi\u00e8res (78)<\/li>\n\n\n\n<li><strong>du vendredi 6 juin au samedi 5 juillet<\/strong> &#8211; Boutique \u00e9ph\u00e9m\u00e8re des <a href=\"https:\/\/www.instagram.com\/createurs_yvelines\/\" target=\"_blank\" rel=\"noreferrer noopener\">Cr\u00e9ateurs Yvelines<\/a> \u00e0 Marly le Roi (78). Horaires : me-je 12h30 &#8211; 19h, ve 12h30 &#8211; 21h, sa 10h30 &#8211; 19h, di 13h &#8211; 18h30<\/li>\n\n\n\n<li><strong>du mardi 3 juin au dimanche 15 juin<\/strong> &#8211; Boutique \u00e9ph\u00e9m\u00e8re organis\u00e9e par <a href=\"https:\/\/www.instagram.com\/foliesdecreatrices\/\" target=\"_blank\" rel=\"noreferrer noopener\">Folies de Cr\u00e9atrices<\/a> \u00e0 La Galerie, 120 avenue du G\u00e9n\u00e9ral Leclerc \u00e0 Viroflay (78). Horaires : ma-di 10h &#8211; 19h<\/li>\n\n\n\n<li><strong>dimanche 25 mai<\/strong>, de 10h \u00e0 18h &#8211; journ\u00e9e portes ouvertes \u00e0 <a href=\"https:\/\/maps.app.goo.gl\/V6z99Xig56QWCeEw5\">La Ch\u00e8vre-Rit de Manon<\/a> \u00e0 Saint Nom la Bret\u00e8che (78)<\/li>\n\n\n\n<li><strong>samedi 24 mai<\/strong>, de 10h \u00e0 20h &#8211; <a href=\"https:\/\/www.instagram.com\/levillagedescreateurs2025\/\" target=\"_blank\" rel=\"noreferrer noopener\">Village des Cr\u00e9ateurs<\/a> sur la Place de la Lib\u00e9ration \u00e0 Villennes sur Seine (78)<\/li>\n\n\n\n<li><strong>du lundi 19 au dimanche 25 mai<\/strong> &#8211; Boutique \u00e9ph\u00e9m\u00e8re <a href=\"https:\/\/www.instagram.com\/ateliersalafrancaise\/\" target=\"_blank\" rel=\"noreferrer noopener\">Les Ateliers \u00e0 la Fran\u00e7aise<\/a> au 88 avenue Charles de Gaulle au Plessis-Robinson (92). Horaires : lu-sa 11h &#8211; 19h30, di 9h &#8211; 18h<br>Je serai de permanence le lundi 19 et mercredi 21 de 11h \u00e0 19h30. Venez me rencontrer !<\/li>\n\n\n\n<li><strong>samedi 17 mai<\/strong>, de 10h \u00e0 19h &#8211; <a href=\"https:\/\/saint-nom-la-breteche.fr\/agenda\/marche-des-createurs\" target=\"_blank\" rel=\"noreferrer noopener\">March\u00e9 des Cr\u00e9ateurs<\/a> sur la Place de l&rsquo;Europe \u00e0 Saint Nom la Bret\u00e8che (78)<\/li>\n\n\n\n<li><strong>vendredi 18 avril<\/strong>, de 15h \u00e0 19h, et <strong>samedi 19 avril<\/strong> de 10h \u00e0 12h30 &#8211; <a href=\"https:\/\/maps.app.goo.gl\/V6z99Xig56QWCeEw5\">La Ch\u00e8vre-Rit de Manon<\/a> \u00e0 Saint Nom la Bret\u00e8che (78)<\/li>\n\n\n\n<li><strong>samedi 5 avril<\/strong>, de 10h \u00e0 12h30 &#8211; <a href=\"https:\/\/maps.app.goo.gl\/V6z99Xig56QWCeEw5\">La Ch\u00e8vre-Rit de Manon<\/a> \u00e0 Saint Nom la Bret\u00e8che (78)<\/li>\n\n\n\n<li><strong>du mardi 18 mars au dimanche 23 mars<\/strong>, de 10h \u00e0 19h &#8211; boutique \u00e9ph\u00e9m\u00e8re organis\u00e9e par Folies de Cr\u00e9atrices \u00e0 La Galerie, 120 avenue du G\u00e9n\u00e9ral Leclerc \u00e0 Viroflay.<br>Je serai de <strong>permanence<\/strong> le mardi 18 mars de 10h \u00e0 19h, et le jeudi 20 mars de 14h30 \u00e0 19h<\/li>\n\n\n\n<li><strong>vendredi 14 mars<\/strong>, de 15h \u00e0 19h &#8211; r\u00e9ouverture de  <a href=\"https:\/\/maps.app.goo.gl\/V6z99Xig56QWCeEw5\">La Ch\u00e8vre-Rit de Manon<\/a> apr\u00e8s la p\u00e9riode des naissances, Saint Nom la Bret\u00e8che<\/li>\n\n\n\n<li><strong>dimanche 9 mars<\/strong>, de 10h \u00e0 17h &#8211; Braderie des AVF \u00e0 l&rsquo;espace JKM \u00e0 Saint Nom la Bret\u00e8che<\/li>\n<\/ul>\n\n\n\n<h3 class=\"wp-block-heading\">Ev\u00e9nements de 2024<\/h3>\n\n\n\n<ul class=\"wp-block-list\">\n<li>lundi 23\/12 de 16h \u00e0 19h \u00e0 <a href=\"https:\/\/maps.app.goo.gl\/V6z99Xig56QWCeEw5\">La Ch\u00e8vre-Rit de Manon<\/a> \u00e0 Saint Nom la Bret\u00e8che<\/li>\n\n\n\n<li>samedi 21\/12 de 13h30 \u00e0 19h chez <a href=\"https:\/\/maps.app.goo.gl\/RLjJkfjmQtDbd8zh8\">Soif d\u2019\u00e9vasion<\/a> \u00e0 Saint Nom la Bret\u00e8che<\/li>\n\n\n\n<li>samedi 21\/12 de 10h \u00e0 12h30 \u00e0 <a href=\"https:\/\/maps.app.goo.gl\/5x7jGEp9mrhMvVjP6\">l\u2019Herbier d\u2019Elsa<\/a> \u00e0 la Ferme des Beurreries \u00e0 Feucherolles<\/li>\n\n\n\n<li>vendredi 20\/12 de 15h \u00e0 19h \u00e0 <a href=\"https:\/\/maps.app.goo.gl\/V6z99Xig56QWCeEw5\">La Ch\u00e8vre-Rit de Manon<\/a> \u00e0 Saint Nom la Bret\u00e8che<\/li>\n\n\n\n<li>samedi 14\/12 de 10h \u00e0 17h au march\u00e9 de No\u00ebl de Saint Nom la Bret\u00e8che \u00e0 l\u2019<a href=\"https:\/\/maps.app.goo.gl\/kGjfbpTXJPRiewgL6\">Espace JKM<\/a><\/li>\n\n\n\n<li>samedi 7\/12 de 10h \u00e0 18h au march\u00e9 de producteurs et artisans locaux des <a href=\"https:\/\/maps.app.goo.gl\/vznxCqXKBxC6AgGAA\">Vergers de la Haye<\/a> \u00e0 Villepreux<\/li>\n\n\n\n<li>vendredi 6\/12 de 17h \u00e0 21h au march\u00e9 de No\u00ebl nocturne de Chavenay \u00e0 la <a href=\"https:\/\/maps.app.goo.gl\/qzzPhWSrj3JSqVwo7\">Ferme Brillon<\/a><\/li>\n\n\n\n<li>samedi 30\/11 de 15h \u00e0 18h \u00e0 <a href=\"https:\/\/maps.app.goo.gl\/V6z99Xig56QWCeEw5\">La Ch\u00e8vre-Rit de Manon<\/a>, \u00e0 Saint Nom la Bret\u00e8che<\/li>\n<\/ul>\n\n\n\n<p><\/p>\n","protected":false},"excerpt":{"rendered":"<p>O\u00f9 rencontrer la savonni\u00e8re et ses produits ? Vous trouverez ci-dessous la liste des march\u00e9s, foires, boutiques \u00e9ph\u00e9m\u00e8res, journ\u00e9es portes ouvertes et \u00e9v\u00e9nements auxquels je participe et o\u00f9 je serai heureuse de vous rencontrer. Prochains \u00e9v\u00e9nements : D&rsquo;autres dates sont \u00e0 venir. Et n&rsquo;h\u00e9sitez pas \u00e0 m&rsquo;envoyer des suggestions ou \u00e0 m&rsquo;inviter \u00e0 vos \u00e9v\u00e9nements [&hellip;]<\/p>\n","protected":false},"author":2,"featured_media":0,"comment_status":"closed","ping_status":"open","sticky":false,"template":"","format":"standard","meta":{"_jetpack_memberships_contains_paid_content":false,"footnotes":""},"categories":[24],"tags":[],"class_list":["post-256","post","type-post","status-publish","format-standard","hentry","category-blog-de-la-savonnerie-chapoul"],"yoast_head":"<!-- This site is optimized with the Yoast SEO plugin v27.1.1 - https:\/\/yoast.com\/product\/yoast-seo-wordpress\/ -->\n<title>\u00c9v\u00e9nements \u00e0 venir - Savonnerie Chapoul<\/title>\n<meta name=\"description\" content=\"Voici la liste des \u00e9v\u00e9nements (march\u00e9s, foires, journ\u00e9es portes ouvertes, etc) auxquels retrouver la savonnerie Chapoul et ses produits\" \/>\n<meta name=\"robots\" content=\"index, follow, max-snippet:-1, max-image-preview:large, max-video-preview:-1\" \/>\n<link rel=\"canonical\" href=\"https:\/\/www.savonnerie-chapoul.fr\/index.php\/2025\/01\/31\/evenements\/\" \/>\n<meta property=\"og:locale\" content=\"fr_FR\" \/>\n<meta property=\"og:type\" content=\"article\" \/>\n<meta property=\"og:title\" content=\"\u00c9v\u00e9nements \u00e0 venir - Savonnerie Chapoul\" \/>\n<meta property=\"og:description\" content=\"Voici la liste des \u00e9v\u00e9nements (march\u00e9s, foires, journ\u00e9es portes ouvertes, etc) auxquels retrouver la savonnerie Chapoul et ses produits\" \/>\n<meta property=\"og:url\" content=\"https:\/\/www.savonnerie-chapoul.fr\/index.php\/2025\/01\/31\/evenements\/\" \/>\n<meta property=\"og:site_name\" content=\"Savonnerie Chapoul\" \/>\n<meta property=\"article:published_time\" content=\"2025-01-31T00:36:08+00:00\" \/>\n<meta property=\"article:modified_time\" content=\"2026-04-25T22:58:30+00:00\" \/>\n<meta property=\"og:image\" content=\"https:\/\/www.savonnerie-chapoul.fr\/wp-content\/uploads\/2025\/01\/IMG_6026-1-1024x1024.jpg\" \/>\n<meta name=\"author\" content=\"Charlotte Poul\" \/>\n<meta name=\"twitter:card\" content=\"summary_large_image\" \/>\n<meta name=\"twitter:label1\" content=\"\u00c9crit par\" \/>\n\t<meta name=\"twitter:data1\" content=\"Charlotte Poul\" \/>\n\t<meta name=\"twitter:label2\" content=\"Dur\u00e9e de lecture estim\u00e9e\" \/>\n\t<meta name=\"twitter:data2\" content=\"8 minutes\" \/>\n<script type=\"application\/ld+json\" class=\"yoast-schema-graph\">{\"@context\":\"https:\/\/schema.org\",\"@graph\":[{\"@type\":\"Article\",\"@id\":\"https:\/\/www.savonnerie-chapoul.fr\/index.php\/2025\/01\/31\/evenements\/#article\",\"isPartOf\":{\"@id\":\"https:\/\/www.savonnerie-chapoul.fr\/index.php\/2025\/01\/31\/evenements\/\"},\"author\":{\"name\":\"Charlotte Poul\",\"@id\":\"https:\/\/www.savonnerie-chapoul.fr\/#\/schema\/person\/a0817769389e260546b93f6c6ebccef3\"},\"headline\":\"\u00c9v\u00e9nements \u00e0 venir\",\"datePublished\":\"2025-01-31T00:36:08+00:00\",\"dateModified\":\"2026-04-25T22:58:30+00:00\",\"mainEntityOfPage\":{\"@id\":\"https:\/\/www.savonnerie-chapoul.fr\/index.php\/2025\/01\/31\/evenements\/\"},\"wordCount\":1307,\"publisher\":{\"@id\":\"https:\/\/www.savonnerie-chapoul.fr\/#organization\"},\"image\":{\"@id\":\"https:\/\/www.savonnerie-chapoul.fr\/index.php\/2025\/01\/31\/evenements\/#primaryimage\"},\"thumbnailUrl\":\"https:\/\/www.savonnerie-chapoul.fr\/wp-content\/uploads\/2025\/01\/IMG_6026-1-1024x1024.jpg\",\"articleSection\":[\"News\"],\"inLanguage\":\"fr-FR\"},{\"@type\":\"WebPage\",\"@id\":\"https:\/\/www.savonnerie-chapoul.fr\/index.php\/2025\/01\/31\/evenements\/\",\"url\":\"https:\/\/www.savonnerie-chapoul.fr\/index.php\/2025\/01\/31\/evenements\/\",\"name\":\"\u00c9v\u00e9nements \u00e0 venir - Savonnerie Chapoul\",\"isPartOf\":{\"@id\":\"https:\/\/www.savonnerie-chapoul.fr\/#website\"},\"primaryImageOfPage\":{\"@id\":\"https:\/\/www.savonnerie-chapoul.fr\/index.php\/2025\/01\/31\/evenements\/#primaryimage\"},\"image\":{\"@id\":\"https:\/\/www.savonnerie-chapoul.fr\/index.php\/2025\/01\/31\/evenements\/#primaryimage\"},\"thumbnailUrl\":\"https:\/\/www.savonnerie-chapoul.fr\/wp-content\/uploads\/2025\/01\/IMG_6026-1-1024x1024.jpg\",\"datePublished\":\"2025-01-31T00:36:08+00:00\",\"dateModified\":\"2026-04-25T22:58:30+00:00\",\"description\":\"Voici la liste des \u00e9v\u00e9nements (march\u00e9s, foires, journ\u00e9es portes ouvertes, etc) auxquels retrouver la savonnerie Chapoul et ses produits\",\"breadcrumb\":{\"@id\":\"https:\/\/www.savonnerie-chapoul.fr\/index.php\/2025\/01\/31\/evenements\/#breadcrumb\"},\"inLanguage\":\"fr-FR\",\"potentialAction\":[{\"@type\":\"ReadAction\",\"target\":[\"https:\/\/www.savonnerie-chapoul.fr\/index.php\/2025\/01\/31\/evenements\/\"]}]},{\"@type\":\"ImageObject\",\"inLanguage\":\"fr-FR\",\"@id\":\"https:\/\/www.savonnerie-chapoul.fr\/index.php\/2025\/01\/31\/evenements\/#primaryimage\",\"url\":\"https:\/\/i0.wp.com\/www.savonnerie-chapoul.fr\/wp-content\/uploads\/2025\/01\/IMG_6026-1-scaled.jpg?fit=2560%2C2560&ssl=1\",\"contentUrl\":\"https:\/\/i0.wp.com\/www.savonnerie-chapoul.fr\/wp-content\/uploads\/2025\/01\/IMG_6026-1-scaled.jpg?fit=2560%2C2560&ssl=1\",\"width\":2560,\"height\":2560,\"caption\":\"Savonnerie Chapoul sur un march\u00e9 - \u00e9v\u00e9nement\"},{\"@type\":\"BreadcrumbList\",\"@id\":\"https:\/\/www.savonnerie-chapoul.fr\/index.php\/2025\/01\/31\/evenements\/#breadcrumb\",\"itemListElement\":[{\"@type\":\"ListItem\",\"position\":1,\"name\":\"Accueil\",\"item\":\"https:\/\/www.savonnerie-chapoul.fr\/\"},{\"@type\":\"ListItem\",\"position\":2,\"name\":\"\u00c9v\u00e9nements \u00e0 venir\"}]},{\"@type\":\"WebSite\",\"@id\":\"https:\/\/www.savonnerie-chapoul.fr\/#website\",\"url\":\"https:\/\/www.savonnerie-chapoul.fr\/\",\"name\":\"savonnerie-chapoul\",\"description\":\"Cosm\u00e9tiques et savons saponifi\u00e9s \u00e0 froid dans la Plaine de Versailles\",\"publisher\":{\"@id\":\"https:\/\/www.savonnerie-chapoul.fr\/#organization\"},\"potentialAction\":[{\"@type\":\"SearchAction\",\"target\":{\"@type\":\"EntryPoint\",\"urlTemplate\":\"https:\/\/www.savonnerie-chapoul.fr\/?s={search_term_string}\"},\"query-input\":{\"@type\":\"PropertyValueSpecification\",\"valueRequired\":true,\"valueName\":\"search_term_string\"}}],\"inLanguage\":\"fr-FR\"},{\"@type\":\"Organization\",\"@id\":\"https:\/\/www.savonnerie-chapoul.fr\/#organization\",\"name\":\"savonnerie chapoul\",\"url\":\"https:\/\/www.savonnerie-chapoul.fr\/\",\"logo\":{\"@type\":\"ImageObject\",\"inLanguage\":\"fr-FR\",\"@id\":\"https:\/\/www.savonnerie-chapoul.fr\/#\/schema\/logo\/image\/\",\"url\":\"https:\/\/i0.wp.com\/www.savonnerie-chapoul.fr\/wp-content\/uploads\/2026\/03\/logo-savonnerie-Chapoul-fond-transparent.png?fit=858%2C272&ssl=1\",\"contentUrl\":\"https:\/\/i0.wp.com\/www.savonnerie-chapoul.fr\/wp-content\/uploads\/2026\/03\/logo-savonnerie-Chapoul-fond-transparent.png?fit=858%2C272&ssl=1\",\"width\":858,\"height\":272,\"caption\":\"savonnerie chapoul\"},\"image\":{\"@id\":\"https:\/\/www.savonnerie-chapoul.fr\/#\/schema\/logo\/image\/\"},\"sameAs\":[\"https:\/\/www.instagram.com\/savonnerie-chapoul\"]},{\"@type\":\"Person\",\"@id\":\"https:\/\/www.savonnerie-chapoul.fr\/#\/schema\/person\/a0817769389e260546b93f6c6ebccef3\",\"name\":\"Charlotte Poul\",\"image\":{\"@type\":\"ImageObject\",\"inLanguage\":\"fr-FR\",\"@id\":\"https:\/\/www.savonnerie-chapoul.fr\/#\/schema\/person\/image\/\",\"url\":\"https:\/\/secure.gravatar.com\/avatar\/54de0295c560ce33b29b832b318dca109c7f99e2c22a5faa0d297e111f554f11?s=96&d=mm&r=g\",\"contentUrl\":\"https:\/\/secure.gravatar.com\/avatar\/54de0295c560ce33b29b832b318dca109c7f99e2c22a5faa0d297e111f554f11?s=96&d=mm&r=g\",\"caption\":\"Charlotte Poul\"},\"url\":\"https:\/\/www.savonnerie-chapoul.fr\/index.php\/author\/chapoul\/\"}]}<\/script>\n<!-- \/ Yoast SEO plugin. -->","yoast_head_json":{"title":"\u00c9v\u00e9nements \u00e0 venir - Savonnerie Chapoul","description":"Voici la liste des \u00e9v\u00e9nements (march\u00e9s, foires, journ\u00e9es portes ouvertes, etc) auxquels retrouver la savonnerie Chapoul et ses produits","robots":{"index":"index","follow":"follow","max-snippet":"max-snippet:-1","max-image-preview":"max-image-preview:large","max-video-preview":"max-video-preview:-1"},"canonical":"https:\/\/www.savonnerie-chapoul.fr\/index.php\/2025\/01\/31\/evenements\/","og_locale":"fr_FR","og_type":"article","og_title":"\u00c9v\u00e9nements \u00e0 venir - Savonnerie Chapoul","og_description":"Voici la liste des \u00e9v\u00e9nements (march\u00e9s, foires, journ\u00e9es portes ouvertes, etc) auxquels retrouver la savonnerie Chapoul et ses produits","og_url":"https:\/\/www.savonnerie-chapoul.fr\/index.php\/2025\/01\/31\/evenements\/","og_site_name":"Savonnerie Chapoul","article_published_time":"2025-01-31T00:36:08+00:00","article_modified_time":"2026-04-25T22:58:30+00:00","og_image":[{"url":"https:\/\/www.savonnerie-chapoul.fr\/wp-content\/uploads\/2025\/01\/IMG_6026-1-1024x1024.jpg","type":"","width":"","height":""}],"author":"Charlotte Poul","twitter_card":"summary_large_image","twitter_misc":{"\u00c9crit par":"Charlotte Poul","Dur\u00e9e de lecture estim\u00e9e":"8 minutes"},"schema":{"@context":"https:\/\/schema.org","@graph":[{"@type":"Article","@id":"https:\/\/www.savonnerie-chapoul.fr\/index.php\/2025\/01\/31\/evenements\/#article","isPartOf":{"@id":"https:\/\/www.savonnerie-chapoul.fr\/index.php\/2025\/01\/31\/evenements\/"},"author":{"name":"Charlotte Poul","@id":"https:\/\/www.savonnerie-chapoul.fr\/#\/schema\/person\/a0817769389e260546b93f6c6ebccef3"},"headline":"\u00c9v\u00e9nements \u00e0 venir","datePublished":"2025-01-31T00:36:08+00:00","dateModified":"2026-04-25T22:58:30+00:00","mainEntityOfPage":{"@id":"https:\/\/www.savonnerie-chapoul.fr\/index.php\/2025\/01\/31\/evenements\/"},"wordCount":1307,"publisher":{"@id":"https:\/\/www.savonnerie-chapoul.fr\/#organization"},"image":{"@id":"https:\/\/www.savonnerie-chapoul.fr\/index.php\/2025\/01\/31\/evenements\/#primaryimage"},"thumbnailUrl":"https:\/\/www.savonnerie-chapoul.fr\/wp-content\/uploads\/2025\/01\/IMG_6026-1-1024x1024.jpg","articleSection":["News"],"inLanguage":"fr-FR"},{"@type":"WebPage","@id":"https:\/\/www.savonnerie-chapoul.fr\/index.php\/2025\/01\/31\/evenements\/","url":"https:\/\/www.savonnerie-chapoul.fr\/index.php\/2025\/01\/31\/evenements\/","name":"\u00c9v\u00e9nements \u00e0 venir - Savonnerie Chapoul","isPartOf":{"@id":"https:\/\/www.savonnerie-chapoul.fr\/#website"},"primaryImageOfPage":{"@id":"https:\/\/www.savonnerie-chapoul.fr\/index.php\/2025\/01\/31\/evenements\/#primaryimage"},"image":{"@id":"https:\/\/www.savonnerie-chapoul.fr\/index.php\/2025\/01\/31\/evenements\/#primaryimage"},"thumbnailUrl":"https:\/\/www.savonnerie-chapoul.fr\/wp-content\/uploads\/2025\/01\/IMG_6026-1-1024x1024.jpg","datePublished":"2025-01-31T00:36:08+00:00","dateModified":"2026-04-25T22:58:30+00:00","description":"Voici la liste des \u00e9v\u00e9nements (march\u00e9s, foires, journ\u00e9es portes ouvertes, etc) auxquels retrouver la savonnerie Chapoul et ses produits","breadcrumb":{"@id":"https:\/\/www.savonnerie-chapoul.fr\/index.php\/2025\/01\/31\/evenements\/#breadcrumb"},"inLanguage":"fr-FR","potentialAction":[{"@type":"ReadAction","target":["https:\/\/www.savonnerie-chapoul.fr\/index.php\/2025\/01\/31\/evenements\/"]}]},{"@type":"ImageObject","inLanguage":"fr-FR","@id":"https:\/\/www.savonnerie-chapoul.fr\/index.php\/2025\/01\/31\/evenements\/#primaryimage","url":"https:\/\/i0.wp.com\/www.savonnerie-chapoul.fr\/wp-content\/uploads\/2025\/01\/IMG_6026-1-scaled.jpg?fit=2560%2C2560&ssl=1","contentUrl":"https:\/\/i0.wp.com\/www.savonnerie-chapoul.fr\/wp-content\/uploads\/2025\/01\/IMG_6026-1-scaled.jpg?fit=2560%2C2560&ssl=1","width":2560,"height":2560,"caption":"Savonnerie Chapoul sur un march\u00e9 - \u00e9v\u00e9nement"},{"@type":"BreadcrumbList","@id":"https:\/\/www.savonnerie-chapoul.fr\/index.php\/2025\/01\/31\/evenements\/#breadcrumb","itemListElement":[{"@type":"ListItem","position":1,"name":"Accueil","item":"https:\/\/www.savonnerie-chapoul.fr\/"},{"@type":"ListItem","position":2,"name":"\u00c9v\u00e9nements \u00e0 venir"}]},{"@type":"WebSite","@id":"https:\/\/www.savonnerie-chapoul.fr\/#website","url":"https:\/\/www.savonnerie-chapoul.fr\/","name":"savonnerie-chapoul","description":"Cosm\u00e9tiques et savons saponifi\u00e9s \u00e0 froid dans la Plaine de Versailles","publisher":{"@id":"https:\/\/www.savonnerie-chapoul.fr\/#organization"},"potentialAction":[{"@type":"SearchAction","target":{"@type":"EntryPoint","urlTemplate":"https:\/\/www.savonnerie-chapoul.fr\/?s={search_term_string}"},"query-input":{"@type":"PropertyValueSpecification","valueRequired":true,"valueName":"search_term_string"}}],"inLanguage":"fr-FR"},{"@type":"Organization","@id":"https:\/\/www.savonnerie-chapoul.fr\/#organization","name":"savonnerie chapoul","url":"https:\/\/www.savonnerie-chapoul.fr\/","logo":{"@type":"ImageObject","inLanguage":"fr-FR","@id":"https:\/\/www.savonnerie-chapoul.fr\/#\/schema\/logo\/image\/","url":"https:\/\/i0.wp.com\/www.savonnerie-chapoul.fr\/wp-content\/uploads\/2026\/03\/logo-savonnerie-Chapoul-fond-transparent.png?fit=858%2C272&ssl=1","contentUrl":"https:\/\/i0.wp.com\/www.savonnerie-chapoul.fr\/wp-content\/uploads\/2026\/03\/logo-savonnerie-Chapoul-fond-transparent.png?fit=858%2C272&ssl=1","width":858,"height":272,"caption":"savonnerie chapoul"},"image":{"@id":"https:\/\/www.savonnerie-chapoul.fr\/#\/schema\/logo\/image\/"},"sameAs":["https:\/\/www.instagram.com\/savonnerie-chapoul"]},{"@type":"Person","@id":"https:\/\/www.savonnerie-chapoul.fr\/#\/schema\/person\/a0817769389e260546b93f6c6ebccef3","name":"Charlotte Poul","image":{"@type":"ImageObject","inLanguage":"fr-FR","@id":"https:\/\/www.savonnerie-chapoul.fr\/#\/schema\/person\/image\/","url":"https:\/\/secure.gravatar.com\/avatar\/54de0295c560ce33b29b832b318dca109c7f99e2c22a5faa0d297e111f554f11?s=96&d=mm&r=g","contentUrl":"https:\/\/secure.gravatar.com\/avatar\/54de0295c560ce33b29b832b318dca109c7f99e2c22a5faa0d297e111f554f11?s=96&d=mm&r=g","caption":"Charlotte Poul"},"url":"https:\/\/www.savonnerie-chapoul.fr\/index.php\/author\/chapoul\/"}]}},"jetpack_featured_media_url":"","jetpack_sharing_enabled":true,"_links":{"self":[{"href":"https:\/\/www.savonnerie-chapoul.fr\/index.php\/wp-json\/wp\/v2\/posts\/256","targetHints":{"allow":["GET"]}}],"collection":[{"href":"https:\/\/www.savonnerie-chapoul.fr\/index.php\/wp-json\/wp\/v2\/posts"}],"about":[{"href":"https:\/\/www.savonnerie-chapoul.fr\/index.php\/wp-json\/wp\/v2\/types\/post"}],"author":[{"embeddable":true,"href":"https:\/\/www.savonnerie-chapoul.fr\/index.php\/wp-json\/wp\/v2\/users\/2"}],"replies":[{"embeddable":true,"href":"https:\/\/www.savonnerie-chapoul.fr\/index.php\/wp-json\/wp\/v2\/comments?post=256"}],"version-history":[{"count":31,"href":"https:\/\/www.savonnerie-chapoul.fr\/index.php\/wp-json\/wp\/v2\/posts\/256\/revisions"}],"predecessor-version":[{"id":1260,"href":"https:\/\/www.savonnerie-chapoul.fr\/index.php\/wp-json\/wp\/v2\/posts\/256\/revisions\/1260"}],"wp:attachment":[{"href":"https:\/\/www.savonnerie-chapoul.fr\/index.php\/wp-json\/wp\/v2\/media?parent=256"}],"wp:term":[{"taxonomy":"category","embeddable":true,"href":"https:\/\/www.savonnerie-chapoul.fr\/index.php\/wp-json\/wp\/v2\/categories?post=256"},{"taxonomy":"post_tag","embeddable":true,"href":"https:\/\/www.savonnerie-chapoul.fr\/index.php\/wp-json\/wp\/v2\/tags?post=256"}],"curies":[{"name":"wp","href":"https:\/\/api.w.org\/{rel}","templated":true}]}}